{"id":42490,"date":"2026-04-28T10:09:13","date_gmt":"2026-04-28T07:09:13","guid":{"rendered":"https:\/\/ugmirror.com\/?p=42490"},"modified":"2026-04-28T10:09:14","modified_gmt":"2026-04-28T07:09:14","slug":"uganda-secures-global-spotlight-as-tourism-documentary-airs-on-french-tv","status":"publish","type":"post","link":"https:\/\/ugmirror.com\/index.php\/2026\/04\/28\/uganda-secures-global-spotlight-as-tourism-documentary-airs-on-french-tv\/","title":{"rendered":"Uganda Secures Global Spotlight As Tourism Documentary Airs On French TV"},"content":{"rendered":"\n<p>Uganda has taken a significant step in boosting its international tourism profile following the release of a feature documentary on the popular French travel series \u00c9chapp\u00e9es Belles.<\/p>\n\n\n\n<p>The program, now in its 20th season, will showcase Uganda for a full month on France 5, airing every Saturday evening after its debut broadcast on April 25, 2026. <\/p>\n\n\n\n<p>Known for highlighting lesser-known yet captivating destinations, the show brings Uganda\u2019s rich biodiversity, landscapes, and cultural heritage to millions of viewers across France and beyond.<\/p>\n\n\n\n<p>Hosted by renowned French journalist Isma\u00ebl Khelifa, the Uganda episode captures an immersive 11-day safari experience across the country\u2019s national parks. The documentary features activities such as gorilla trekking, wildlife game drives, and authentic cultural encounters, presenting Uganda as a premium travel destination.<\/p>\n\n\n\n<p>The project was funded under the Economic and Commercial Diplomacy Program of the Ministry of Foreign Affairs Uganda and supported by the Uganda Embassy in Paris. Officials say the initiative is aimed at increasing Uganda\u2019s visibility and strengthening its appeal among French travelers.<\/p>\n\n\n\n<p>Ahead of the national broadcast, Uganda hosted a high-profile premiere in Paris on April 16, 2026, at La Marina Des Maqeureaux. The event, led by Uganda\u2019s Ambassador to France Doreen Amule, attracted key tourism stakeholders including tour operators, journalists, and decision-makers.<\/p>\n\n\n\n<p>Addressing attendees, Amb. Amule emphasized the importance of the exposure, describing Uganda as \u201cthe world\u2019s best-kept secret\u201d waiting to be discovered by French travelers.<\/p>\n\n\n\n<p>Filmmaker and host Khelifa praised Uganda as \u201ca true treasure of biodiversity,\u201d citing its welcoming people, abundant wildlife, and exceptional natural beauty as standout features of his experience filming in the country.<\/p>\n\n\n\n<p>Uganda\u2019s Head of Public Diplomacy, Margaret Kafeero, underscored the role of storytelling in influencing travel decisions, noting that a majority of French travelers are inspired by television content when choosing destinations. She commended the Uganda Embassy in Paris for tailoring content to suit local audience preferences.<\/p>\n\n\n\n<p>Meanwhile, Senior Brand Manager at the Uganda Tourism Board, Daniel Irunga, highlighted the strategic value of the premiere event. He said it created a direct and engaging platform to convert interest into tangible tourism partnerships, encouraging tour operators to include Uganda in their offerings.<\/p>\n\n\n\n<p>The documentary is expected to strengthen Uganda\u2019s position in the competitive European tourism market, while reinforcing its image as a unique and high-value travel destination.<\/p>\n","protected":false},"excerpt":{"rendered":"<p>Uganda has taken a significant step in boosting its international tourism profile following the release of a feature documentary on the popular French travel series \u00c9chapp\u00e9es Belles. The program, now in its 20th season, will showcase Uganda for a full month on France 5, airing every Saturday evening after its debut broadcast on April 25, [&hellip;]<\/p>\n","protected":false},"author":27983,"featured_media":42491,"comment_status":"open","ping_status":"closed","sticky":false,"template":"","format":"standard","meta":{"jnews-multi-image_gallery":[],"jnews_single_post":{"format":"standard"},"jnews_primary_category":[],"jnews_paywall_metabox":[],"jnews_override_counter":[],"footnotes":""},"categories":[356],"tags":[10003,31,10004,119],"class_list":["post-42490","post","type-post","status-publish","format-standard","has-post-thumbnail","hentry","category-big-story","tag-echappees-belles","tag-featured","tag-ismael-khelifa","tag-uganda-news"],"yoast_head":"<!-- This site is optimized with the Yoast SEO plugin v27.3 - https:\/\/yoast.com\/product\/yoast-seo-wordpress\/ -->\n<title>Uganda Secures Global Spotlight As Tourism Documentary Airs On French TV - Uganda Mirror<\/title>\n<meta name=\"robots\" content=\"index, follow, max-snippet:-1, max-image-preview:large, max-video-preview:-1\" \/>\n<link rel=\"canonical\" href=\"https:\/\/ugmirror.com\/index.php\/2026\/04\/28\/uganda-secures-global-spotlight-as-tourism-documentary-airs-on-french-tv\/\" \/>\n<meta property=\"og:locale\" content=\"en_US\" \/>\n<meta property=\"og:type\" content=\"article\" \/>\n<meta property=\"og:title\" content=\"Uganda Secures Global Spotlight As Tourism Documentary Airs On French TV - Uganda Mirror\" \/>\n<meta property=\"og:description\" content=\"Uganda has taken a significant step in boosting its international tourism profile following the release of a feature documentary on the popular French travel series \u00c9chapp\u00e9es Belles. The program, now in its 20th season, will showcase Uganda for a full month on France 5, airing every Saturday evening after its debut broadcast on April 25, [&hellip;]\" \/>\n<meta property=\"og:url\" content=\"https:\/\/ugmirror.com\/index.php\/2026\/04\/28\/uganda-secures-global-spotlight-as-tourism-documentary-airs-on-french-tv\/\" \/>\n<meta property=\"og:site_name\" content=\"Uganda Mirror\" \/>\n<meta property=\"article:publisher\" content=\"https:\/\/www.facebook.com\/UgMirror\" \/>\n<meta property=\"article:published_time\" content=\"2026-04-28T07:09:13+00:00\" \/>\n<meta property=\"article:modified_time\" content=\"2026-04-28T07:09:14+00:00\" \/>\n<meta property=\"og:image\" content=\"https:\/\/ugmirror.com\/wp-content\/uploads\/2026\/04\/Amb-Amule-centre-converses-wih-guests-at-the-premiere.jpg\" \/>\n\t<meta property=\"og:image:width\" content=\"2000\" \/>\n\t<meta property=\"og:image:height\" content=\"1334\" \/>\n\t<meta property=\"og:image:type\" content=\"image\/jpeg\" \/>\n<meta name=\"author\" content=\"admin\" \/>\n<meta name=\"twitter:card\" content=\"summary_large_image\" \/>\n<meta name=\"twitter:creator\" content=\"@UgMirror\" \/>\n<meta name=\"twitter:site\" content=\"@UgMirror\" \/>\n<meta name=\"twitter:label1\" content=\"Written by\" \/>\n\t<meta name=\"twitter:data1\" content=\"admin\" \/>\n\t<meta name=\"twitter:label2\" content=\"Est. reading time\" \/>\n\t<meta name=\"twitter:data2\" content=\"2 minutes\" \/>\n<script type=\"application\/ld+json\" class=\"yoast-schema-graph\">{\"@context\":\"https:\\\/\\\/schema.org\",\"@graph\":[{\"@type\":\"Article\",\"@id\":\"https:\\\/\\\/ugmirror.com\\\/index.php\\\/2026\\\/04\\\/28\\\/uganda-secures-global-spotlight-as-tourism-documentary-airs-on-french-tv\\\/#article\",\"isPartOf\":{\"@id\":\"https:\\\/\\\/ugmirror.com\\\/index.php\\\/2026\\\/04\\\/28\\\/uganda-secures-global-spotlight-as-tourism-documentary-airs-on-french-tv\\\/\"},\"author\":{\"name\":\"admin\",\"@id\":\"https:\\\/\\\/ugmirror.com\\\/#\\\/schema\\\/person\\\/134950656d7567db5b0f404200cd5ce8\"},\"headline\":\"Uganda Secures Global Spotlight As Tourism Documentary Airs On French TV\",\"datePublished\":\"2026-04-28T07:09:13+00:00\",\"dateModified\":\"2026-04-28T07:09:14+00:00\",\"mainEntityOfPage\":{\"@id\":\"https:\\\/\\\/ugmirror.com\\\/index.php\\\/2026\\\/04\\\/28\\\/uganda-secures-global-spotlight-as-tourism-documentary-airs-on-french-tv\\\/\"},\"wordCount\":394,\"commentCount\":0,\"publisher\":{\"@id\":\"https:\\\/\\\/ugmirror.com\\\/#organization\"},\"image\":{\"@id\":\"https:\\\/\\\/ugmirror.com\\\/index.php\\\/2026\\\/04\\\/28\\\/uganda-secures-global-spotlight-as-tourism-documentary-airs-on-french-tv\\\/#primaryimage\"},\"thumbnailUrl\":\"https:\\\/\\\/ugmirror.com\\\/wp-content\\\/uploads\\\/2026\\\/04\\\/Amb-Amule-centre-converses-wih-guests-at-the-premiere.jpg\",\"keywords\":[\"\u00c9chapp\u00e9es Belles\",\"Featured\",\"Isma\u00ebl Khelifa\",\"Uganda News\"],\"articleSection\":[\"Big Story\"],\"inLanguage\":\"en-US\",\"potentialAction\":[{\"@type\":\"CommentAction\",\"name\":\"Comment\",\"target\":[\"https:\\\/\\\/ugmirror.com\\\/index.php\\\/2026\\\/04\\\/28\\\/uganda-secures-global-spotlight-as-tourism-documentary-airs-on-french-tv\\\/#respond\"]}]},{\"@type\":\"WebPage\",\"@id\":\"https:\\\/\\\/ugmirror.com\\\/index.php\\\/2026\\\/04\\\/28\\\/uganda-secures-global-spotlight-as-tourism-documentary-airs-on-french-tv\\\/\",\"url\":\"https:\\\/\\\/ugmirror.com\\\/index.php\\\/2026\\\/04\\\/28\\\/uganda-secures-global-spotlight-as-tourism-documentary-airs-on-french-tv\\\/\",\"name\":\"Uganda Secures Global Spotlight As Tourism Documentary Airs On French TV - Uganda Mirror\",\"isPartOf\":{\"@id\":\"https:\\\/\\\/ugmirror.com\\\/#website\"},\"primaryImageOfPage\":{\"@id\":\"https:\\\/\\\/ugmirror.com\\\/index.php\\\/2026\\\/04\\\/28\\\/uganda-secures-global-spotlight-as-tourism-documentary-airs-on-french-tv\\\/#primaryimage\"},\"image\":{\"@id\":\"https:\\\/\\\/ugmirror.com\\\/index.php\\\/2026\\\/04\\\/28\\\/uganda-secures-global-spotlight-as-tourism-documentary-airs-on-french-tv\\\/#primaryimage\"},\"thumbnailUrl\":\"https:\\\/\\\/ugmirror.com\\\/wp-content\\\/uploads\\\/2026\\\/04\\\/Amb-Amule-centre-converses-wih-guests-at-the-premiere.jpg\",\"datePublished\":\"2026-04-28T07:09:13+00:00\",\"dateModified\":\"2026-04-28T07:09:14+00:00\",\"breadcrumb\":{\"@id\":\"https:\\\/\\\/ugmirror.com\\\/index.php\\\/2026\\\/04\\\/28\\\/uganda-secures-global-spotlight-as-tourism-documentary-airs-on-french-tv\\\/#breadcrumb\"},\"inLanguage\":\"en-US\",\"potentialAction\":[{\"@type\":\"ReadAction\",\"target\":[\"https:\\\/\\\/ugmirror.com\\\/index.php\\\/2026\\\/04\\\/28\\\/uganda-secures-global-spotlight-as-tourism-documentary-airs-on-french-tv\\\/\"]}]},{\"@type\":\"ImageObject\",\"inLanguage\":\"en-US\",\"@id\":\"https:\\\/\\\/ugmirror.com\\\/index.php\\\/2026\\\/04\\\/28\\\/uganda-secures-global-spotlight-as-tourism-documentary-airs-on-french-tv\\\/#primaryimage\",\"url\":\"https:\\\/\\\/ugmirror.com\\\/wp-content\\\/uploads\\\/2026\\\/04\\\/Amb-Amule-centre-converses-wih-guests-at-the-premiere.jpg\",\"contentUrl\":\"https:\\\/\\\/ugmirror.com\\\/wp-content\\\/uploads\\\/2026\\\/04\\\/Amb-Amule-centre-converses-wih-guests-at-the-premiere.jpg\",\"width\":2000,\"height\":1334,\"caption\":\"Amb Amule -centre- converses wih guests at the premiere\"},{\"@type\":\"BreadcrumbList\",\"@id\":\"https:\\\/\\\/ugmirror.com\\\/index.php\\\/2026\\\/04\\\/28\\\/uganda-secures-global-spotlight-as-tourism-documentary-airs-on-french-tv\\\/#breadcrumb\",\"itemListElement\":[{\"@type\":\"ListItem\",\"position\":1,\"name\":\"Home\",\"item\":\"https:\\\/\\\/ugmirror.com\\\/\"},{\"@type\":\"ListItem\",\"position\":2,\"name\":\"Uganda Secures Global Spotlight As Tourism Documentary Airs On French TV\"}]},{\"@type\":\"WebSite\",\"@id\":\"https:\\\/\\\/ugmirror.com\\\/#website\",\"url\":\"https:\\\/\\\/ugmirror.com\\\/\",\"name\":\"Uganda Mirror\",\"description\":\"The Reflector of Ugandan News\",\"publisher\":{\"@id\":\"https:\\\/\\\/ugmirror.com\\\/#organization\"},\"potentialAction\":[{\"@type\":\"SearchAction\",\"target\":{\"@type\":\"EntryPoint\",\"urlTemplate\":\"https:\\\/\\\/ugmirror.com\\\/?s={search_term_string}\"},\"query-input\":{\"@type\":\"PropertyValueSpecification\",\"valueRequired\":true,\"valueName\":\"search_term_string\"}}],\"inLanguage\":\"en-US\"},{\"@type\":\"Organization\",\"@id\":\"https:\\\/\\\/ugmirror.com\\\/#organization\",\"name\":\"Mirror Digital Limited\",\"url\":\"https:\\\/\\\/ugmirror.com\\\/\",\"logo\":{\"@type\":\"ImageObject\",\"inLanguage\":\"en-US\",\"@id\":\"https:\\\/\\\/ugmirror.com\\\/#\\\/schema\\\/logo\\\/image\\\/\",\"url\":\"https:\\\/\\\/ugmirror.com\\\/wp-content\\\/uploads\\\/2021\\\/01\\\/logo2-scroll.png\",\"contentUrl\":\"https:\\\/\\\/ugmirror.com\\\/wp-content\\\/uploads\\\/2021\\\/01\\\/logo2-scroll.png\",\"width\":250,\"height\":55,\"caption\":\"Mirror Digital Limited\"},\"image\":{\"@id\":\"https:\\\/\\\/ugmirror.com\\\/#\\\/schema\\\/logo\\\/image\\\/\"},\"sameAs\":[\"https:\\\/\\\/www.facebook.com\\\/UgMirror\",\"https:\\\/\\\/x.com\\\/UgMirror\",\"https:\\\/\\\/www.youtube.com\\\/@ugmirror4368\"]},{\"@type\":\"Person\",\"@id\":\"https:\\\/\\\/ugmirror.com\\\/#\\\/schema\\\/person\\\/134950656d7567db5b0f404200cd5ce8\",\"name\":\"admin\",\"image\":{\"@type\":\"ImageObject\",\"inLanguage\":\"en-US\",\"@id\":\"https:\\\/\\\/ugmirror.com\\\/wp-content\\\/litespeed\\\/avatar\\\/3e6135ce828cb7f097ecd4a32cf89a4c.jpg?ver=1776935719\",\"url\":\"https:\\\/\\\/ugmirror.com\\\/wp-content\\\/litespeed\\\/avatar\\\/3e6135ce828cb7f097ecd4a32cf89a4c.jpg?ver=1776935719\",\"contentUrl\":\"https:\\\/\\\/ugmirror.com\\\/wp-content\\\/litespeed\\\/avatar\\\/3e6135ce828cb7f097ecd4a32cf89a4c.jpg?ver=1776935719\",\"caption\":\"admin\"},\"url\":\"https:\\\/\\\/ugmirror.com\\\/index.php\\\/author\\\/admin-2\\\/\"}]}<\/script>\n<!-- \/ Yoast SEO plugin. -->","yoast_head_json":{"title":"Uganda Secures Global Spotlight As Tourism Documentary Airs On French TV - Uganda Mirror","robots":{"index":"index","follow":"follow","max-snippet":"max-snippet:-1","max-image-preview":"max-image-preview:large","max-video-preview":"max-video-preview:-1"},"canonical":"https:\/\/ugmirror.com\/index.php\/2026\/04\/28\/uganda-secures-global-spotlight-as-tourism-documentary-airs-on-french-tv\/","og_locale":"en_US","og_type":"article","og_title":"Uganda Secures Global Spotlight As Tourism Documentary Airs On French TV - Uganda Mirror","og_description":"Uganda has taken a significant step in boosting its international tourism profile following the release of a feature documentary on the popular French travel series \u00c9chapp\u00e9es Belles. The program, now in its 20th season, will showcase Uganda for a full month on France 5, airing every Saturday evening after its debut broadcast on April 25, [&hellip;]","og_url":"https:\/\/ugmirror.com\/index.php\/2026\/04\/28\/uganda-secures-global-spotlight-as-tourism-documentary-airs-on-french-tv\/","og_site_name":"Uganda Mirror","article_publisher":"https:\/\/www.facebook.com\/UgMirror","article_published_time":"2026-04-28T07:09:13+00:00","article_modified_time":"2026-04-28T07:09:14+00:00","og_image":[{"width":2000,"height":1334,"url":"https:\/\/ugmirror.com\/wp-content\/uploads\/2026\/04\/Amb-Amule-centre-converses-wih-guests-at-the-premiere.jpg","type":"image\/jpeg"}],"author":"admin","twitter_card":"summary_large_image","twitter_creator":"@UgMirror","twitter_site":"@UgMirror","twitter_misc":{"Written by":"admin","Est. reading time":"2 minutes"},"schema":{"@context":"https:\/\/schema.org","@graph":[{"@type":"Article","@id":"https:\/\/ugmirror.com\/index.php\/2026\/04\/28\/uganda-secures-global-spotlight-as-tourism-documentary-airs-on-french-tv\/#article","isPartOf":{"@id":"https:\/\/ugmirror.com\/index.php\/2026\/04\/28\/uganda-secures-global-spotlight-as-tourism-documentary-airs-on-french-tv\/"},"author":{"name":"admin","@id":"https:\/\/ugmirror.com\/#\/schema\/person\/134950656d7567db5b0f404200cd5ce8"},"headline":"Uganda Secures Global Spotlight As Tourism Documentary Airs On French TV","datePublished":"2026-04-28T07:09:13+00:00","dateModified":"2026-04-28T07:09:14+00:00","mainEntityOfPage":{"@id":"https:\/\/ugmirror.com\/index.php\/2026\/04\/28\/uganda-secures-global-spotlight-as-tourism-documentary-airs-on-french-tv\/"},"wordCount":394,"commentCount":0,"publisher":{"@id":"https:\/\/ugmirror.com\/#organization"},"image":{"@id":"https:\/\/ugmirror.com\/index.php\/2026\/04\/28\/uganda-secures-global-spotlight-as-tourism-documentary-airs-on-french-tv\/#primaryimage"},"thumbnailUrl":"https:\/\/ugmirror.com\/wp-content\/uploads\/2026\/04\/Amb-Amule-centre-converses-wih-guests-at-the-premiere.jpg","keywords":["\u00c9chapp\u00e9es Belles","Featured","Isma\u00ebl Khelifa","Uganda News"],"articleSection":["Big Story"],"inLanguage":"en-US","potentialAction":[{"@type":"CommentAction","name":"Comment","target":["https:\/\/ugmirror.com\/index.php\/2026\/04\/28\/uganda-secures-global-spotlight-as-tourism-documentary-airs-on-french-tv\/#respond"]}]},{"@type":"WebPage","@id":"https:\/\/ugmirror.com\/index.php\/2026\/04\/28\/uganda-secures-global-spotlight-as-tourism-documentary-airs-on-french-tv\/","url":"https:\/\/ugmirror.com\/index.php\/2026\/04\/28\/uganda-secures-global-spotlight-as-tourism-documentary-airs-on-french-tv\/","name":"Uganda Secures Global Spotlight As Tourism Documentary Airs On French TV - Uganda Mirror","isPartOf":{"@id":"https:\/\/ugmirror.com\/#website"},"primaryImageOfPage":{"@id":"https:\/\/ugmirror.com\/index.php\/2026\/04\/28\/uganda-secures-global-spotlight-as-tourism-documentary-airs-on-french-tv\/#primaryimage"},"image":{"@id":"https:\/\/ugmirror.com\/index.php\/2026\/04\/28\/uganda-secures-global-spotlight-as-tourism-documentary-airs-on-french-tv\/#primaryimage"},"thumbnailUrl":"https:\/\/ugmirror.com\/wp-content\/uploads\/2026\/04\/Amb-Amule-centre-converses-wih-guests-at-the-premiere.jpg","datePublished":"2026-04-28T07:09:13+00:00","dateModified":"2026-04-28T07:09:14+00:00","breadcrumb":{"@id":"https:\/\/ugmirror.com\/index.php\/2026\/04\/28\/uganda-secures-global-spotlight-as-tourism-documentary-airs-on-french-tv\/#breadcrumb"},"inLanguage":"en-US","potentialAction":[{"@type":"ReadAction","target":["https:\/\/ugmirror.com\/index.php\/2026\/04\/28\/uganda-secures-global-spotlight-as-tourism-documentary-airs-on-french-tv\/"]}]},{"@type":"ImageObject","inLanguage":"en-US","@id":"https:\/\/ugmirror.com\/index.php\/2026\/04\/28\/uganda-secures-global-spotlight-as-tourism-documentary-airs-on-french-tv\/#primaryimage","url":"https:\/\/ugmirror.com\/wp-content\/uploads\/2026\/04\/Amb-Amule-centre-converses-wih-guests-at-the-premiere.jpg","contentUrl":"https:\/\/ugmirror.com\/wp-content\/uploads\/2026\/04\/Amb-Amule-centre-converses-wih-guests-at-the-premiere.jpg","width":2000,"height":1334,"caption":"Amb Amule -centre- converses wih guests at the premiere"},{"@type":"BreadcrumbList","@id":"https:\/\/ugmirror.com\/index.php\/2026\/04\/28\/uganda-secures-global-spotlight-as-tourism-documentary-airs-on-french-tv\/#breadcrumb","itemListElement":[{"@type":"ListItem","position":1,"name":"Home","item":"https:\/\/ugmirror.com\/"},{"@type":"ListItem","position":2,"name":"Uganda Secures Global Spotlight As Tourism Documentary Airs On French TV"}]},{"@type":"WebSite","@id":"https:\/\/ugmirror.com\/#website","url":"https:\/\/ugmirror.com\/","name":"Uganda Mirror","description":"The Reflector of Ugandan News","publisher":{"@id":"https:\/\/ugmirror.com\/#organization"},"potentialAction":[{"@type":"SearchAction","target":{"@type":"EntryPoint","urlTemplate":"https:\/\/ugmirror.com\/?s={search_term_string}"},"query-input":{"@type":"PropertyValueSpecification","valueRequired":true,"valueName":"search_term_string"}}],"inLanguage":"en-US"},{"@type":"Organization","@id":"https:\/\/ugmirror.com\/#organization","name":"Mirror Digital Limited","url":"https:\/\/ugmirror.com\/","logo":{"@type":"ImageObject","inLanguage":"en-US","@id":"https:\/\/ugmirror.com\/#\/schema\/logo\/image\/","url":"https:\/\/ugmirror.com\/wp-content\/uploads\/2021\/01\/logo2-scroll.png","contentUrl":"https:\/\/ugmirror.com\/wp-content\/uploads\/2021\/01\/logo2-scroll.png","width":250,"height":55,"caption":"Mirror Digital Limited"},"image":{"@id":"https:\/\/ugmirror.com\/#\/schema\/logo\/image\/"},"sameAs":["https:\/\/www.facebook.com\/UgMirror","https:\/\/x.com\/UgMirror","https:\/\/www.youtube.com\/@ugmirror4368"]},{"@type":"Person","@id":"https:\/\/ugmirror.com\/#\/schema\/person\/134950656d7567db5b0f404200cd5ce8","name":"admin","image":{"@type":"ImageObject","inLanguage":"en-US","@id":"https:\/\/ugmirror.com\/wp-content\/litespeed\/avatar\/3e6135ce828cb7f097ecd4a32cf89a4c.jpg?ver=1776935719","url":"https:\/\/ugmirror.com\/wp-content\/litespeed\/avatar\/3e6135ce828cb7f097ecd4a32cf89a4c.jpg?ver=1776935719","contentUrl":"https:\/\/ugmirror.com\/wp-content\/litespeed\/avatar\/3e6135ce828cb7f097ecd4a32cf89a4c.jpg?ver=1776935719","caption":"admin"},"url":"https:\/\/ugmirror.com\/index.php\/author\/admin-2\/"}]}},"_links":{"self":[{"href":"https:\/\/ugmirror.com\/index.php\/wp-json\/wp\/v2\/posts\/42490","targetHints":{"allow":["GET"]}}],"collection":[{"href":"https:\/\/ugmirror.com\/index.php\/wp-json\/wp\/v2\/posts"}],"about":[{"href":"https:\/\/ugmirror.com\/index.php\/wp-json\/wp\/v2\/types\/post"}],"author":[{"embeddable":true,"href":"https:\/\/ugmirror.com\/index.php\/wp-json\/wp\/v2\/users\/27983"}],"replies":[{"embeddable":true,"href":"https:\/\/ugmirror.com\/index.php\/wp-json\/wp\/v2\/comments?post=42490"}],"version-history":[{"count":1,"href":"https:\/\/ugmirror.com\/index.php\/wp-json\/wp\/v2\/posts\/42490\/revisions"}],"predecessor-version":[{"id":42492,"href":"https:\/\/ugmirror.com\/index.php\/wp-json\/wp\/v2\/posts\/42490\/revisions\/42492"}],"wp:featuredmedia":[{"embeddable":true,"href":"https:\/\/ugmirror.com\/index.php\/wp-json\/wp\/v2\/media\/42491"}],"wp:attachment":[{"href":"https:\/\/ugmirror.com\/index.php\/wp-json\/wp\/v2\/media?parent=42490"}],"wp:term":[{"taxonomy":"category","embeddable":true,"href":"https:\/\/ugmirror.com\/index.php\/wp-json\/wp\/v2\/categories?post=42490"},{"taxonomy":"post_tag","embeddable":true,"href":"https:\/\/ugmirror.com\/index.php\/wp-json\/wp\/v2\/tags?post=42490"}],"curies":[{"name":"wp","href":"https:\/\/api.w.org\/{rel}","templated":true}]}}